{"id":276,"date":"2026-02-27T11:38:17","date_gmt":"2026-02-27T15:38:17","guid":{"rendered":"https:\/\/www.briqueteradelorinoco.com.ve\/?p=276"},"modified":"2026-02-27T11:38:17","modified_gmt":"2026-02-27T15:38:17","slug":"nuestra-estatal-briquetera-conmemoro-su-semana-aniversario","status":"publish","type":"post","link":"https:\/\/www.briqueteradelorinoco.com.ve\/index.php\/2026\/02\/27\/nuestra-estatal-briquetera-conmemoro-su-semana-aniversario\/","title":{"rendered":"Nuestra Estatal briquetera conmemor\u00f3 su semana aniversario"},"content":{"rendered":"\n<p class=\"wp-block-paragraph\">La gran empresa briquetera festej\u00f3 su semana aniversario con diferentes actividades, que iniciaron con una misa de acci\u00f3n de gracias, un ameno almuerzo, bailoterapia y con una extraordinaria jornada de salud que benefici\u00f3 a los briqueteros y briqueteras.<\/p>\n\n\n\n<p class=\"wp-block-paragraph\">El tren gerencial realiz\u00f3 la acostumbrada parada oficial con el izamiento de la Bandera Nacional, la del estado Bol\u00edvar y de esta importante industria, las cuales fueron enarboladas al entonar las gloriosas notas del Himno Nacional.<\/p>\n","protected":false},"excerpt":{"rendered":"<p>La gran empresa briquetera festej\u00f3 su semana aniversario con diferentes actividades, que iniciaron con una misa de acci\u00f3n de gracias, un ameno almuerzo, bailoterapia y con una extraordinaria jornada de salud que benefici\u00f3 a los briqueteros y briqueteras. El tren gerencial realiz\u00f3 la acostumbrada parada oficial con el izamiento de la Bandera Nacional, la del [&hellip;]<\/p>\n","protected":false},"author":1,"featured_media":278,"comment_status":"open","ping_status":"open","sticky":false,"template":"","format":"standard","meta":{"footnotes":"","css_class_manager_body_classes":"","css_class_manager_use_in_post_loop":false},"categories":[1],"tags":[],"class_list":["post-276","post","type-post","status-publish","format-standard","has-post-thumbnail","hentry","category-sin-categoria"],"_links":{"self":[{"href":"https:\/\/www.briqueteradelorinoco.com.ve\/index.php\/wp-json\/wp\/v2\/posts\/276","targetHints":{"allow":["GET"]}}],"collection":[{"href":"https:\/\/www.briqueteradelorinoco.com.ve\/index.php\/wp-json\/wp\/v2\/posts"}],"about":[{"href":"https:\/\/www.briqueteradelorinoco.com.ve\/index.php\/wp-json\/wp\/v2\/types\/post"}],"author":[{"embeddable":true,"href":"https:\/\/www.briqueteradelorinoco.com.ve\/index.php\/wp-json\/wp\/v2\/users\/1"}],"replies":[{"embeddable":true,"href":"https:\/\/www.briqueteradelorinoco.com.ve\/index.php\/wp-json\/wp\/v2\/comments?post=276"}],"version-history":[{"count":1,"href":"https:\/\/www.briqueteradelorinoco.com.ve\/index.php\/wp-json\/wp\/v2\/posts\/276\/revisions"}],"predecessor-version":[{"id":277,"href":"https:\/\/www.briqueteradelorinoco.com.ve\/index.php\/wp-json\/wp\/v2\/posts\/276\/revisions\/277"}],"wp:featuredmedia":[{"embeddable":true,"href":"https:\/\/www.briqueteradelorinoco.com.ve\/index.php\/wp-json\/wp\/v2\/media\/278"}],"wp:attachment":[{"href":"https:\/\/www.briqueteradelorinoco.com.ve\/index.php\/wp-json\/wp\/v2\/media?parent=276"}],"wp:term":[{"taxonomy":"category","embeddable":true,"href":"https:\/\/www.briqueteradelorinoco.com.ve\/index.php\/wp-json\/wp\/v2\/categories?post=276"},{"taxonomy":"post_tag","embeddable":true,"href":"https:\/\/www.briqueteradelorinoco.com.ve\/index.php\/wp-json\/wp\/v2\/tags?post=276"}],"curies":[{"name":"wp","href":"https:\/\/api.w.org\/{rel}","templated":true}]}}